{"id":666,"date":"2019-04-07T22:47:03","date_gmt":"2019-04-07T20:47:03","guid":{"rendered":"https:\/\/choralevocalys-ermont.fr\/?p=666"},"modified":"2019-09-21T23:26:08","modified_gmt":"2019-09-21T21:26:08","slug":"concert-du-18-mai-2019","status":"publish","type":"post","link":"https:\/\/choralevocalys-ermont.fr\/index.php\/2019\/04\/07\/concert-du-18-mai-2019\/","title":{"rendered":"Concert du 18 mai 2019"},"content":{"rendered":"Vous devez \u00eatre connect\u00e9 pour voir ce contenu.","protected":false},"excerpt":{"rendered":"Vous devez \u00eatre connect\u00e9 pour voir ce contenu.","protected":false},"author":2,"featured_media":0,"comment_status":"closed","ping_status":"closed","sticky":false,"template":"","format":"standard","meta":{"_exactmetrics_skip_tracking":false,"_exactmetrics_sitenote_active":false,"_exactmetrics_sitenote_note":"","_exactmetrics_sitenote_category":0,"ngg_post_thumbnail":0,"footnotes":""},"categories":[32],"tags":[],"_links":{"self":[{"href":"https:\/\/choralevocalys-ermont.fr\/index.php\/wp-json\/wp\/v2\/posts\/666"}],"collection":[{"href":"https:\/\/choralevocalys-ermont.fr\/index.php\/wp-json\/wp\/v2\/posts"}],"about":[{"href":"https:\/\/choralevocalys-ermont.fr\/index.php\/wp-json\/wp\/v2\/types\/post"}],"author":[{"embeddable":true,"href":"https:\/\/choralevocalys-ermont.fr\/index.php\/wp-json\/wp\/v2\/users\/2"}],"replies":[{"embeddable":true,"href":"https:\/\/choralevocalys-ermont.fr\/index.php\/wp-json\/wp\/v2\/comments?post=666"}],"version-history":[{"count":3,"href":"https:\/\/choralevocalys-ermont.fr\/index.php\/wp-json\/wp\/v2\/posts\/666\/revisions"}],"predecessor-version":[{"id":673,"href":"https:\/\/choralevocalys-ermont.fr\/index.php\/wp-json\/wp\/v2\/posts\/666\/revisions\/673"}],"wp:attachment":[{"href":"https:\/\/choralevocalys-ermont.fr\/index.php\/wp-json\/wp\/v2\/media?parent=666"}],"wp:term":[{"taxonomy":"category","embeddable":true,"href":"https:\/\/choralevocalys-ermont.fr\/index.php\/wp-json\/wp\/v2\/categories?post=666"},{"taxonomy":"post_tag","embeddable":true,"href":"https:\/\/choralevocalys-ermont.fr\/index.php\/wp-json\/wp\/v2\/tags?post=666"}],"curies":[{"name":"wp","href":"https:\/\/api.w.org\/{rel}","templated":true}]}}