{"id":869,"date":"2020-09-25T23:28:41","date_gmt":"2020-09-25T21:28:41","guid":{"rendered":"https:\/\/choralevocalys-ermont.fr\/?p=869"},"modified":"2021-10-24T19:04:31","modified_gmt":"2021-10-24T17:04:31","slug":"covid-19","status":"publish","type":"post","link":"https:\/\/choralevocalys-ermont.fr\/index.php\/2020\/09\/25\/covid-19\/","title":{"rendered":"COVID-19"},"content":{"rendered":"Vous devez \u00eatre connect\u00e9 pour voir ce contenu.","protected":false},"excerpt":{"rendered":"Vous devez \u00eatre connect\u00e9 pour voir ce contenu.","protected":false},"author":2,"featured_media":0,"comment_status":"closed","ping_status":"closed","sticky":false,"template":"","format":"standard","meta":{"_exactmetrics_skip_tracking":false,"_exactmetrics_sitenote_active":false,"_exactmetrics_sitenote_note":"","_exactmetrics_sitenote_category":0,"ngg_post_thumbnail":0,"footnotes":""},"categories":[32],"tags":[],"_links":{"self":[{"href":"https:\/\/choralevocalys-ermont.fr\/index.php\/wp-json\/wp\/v2\/posts\/869"}],"collection":[{"href":"https:\/\/choralevocalys-ermont.fr\/index.php\/wp-json\/wp\/v2\/posts"}],"about":[{"href":"https:\/\/choralevocalys-ermont.fr\/index.php\/wp-json\/wp\/v2\/types\/post"}],"author":[{"embeddable":true,"href":"https:\/\/choralevocalys-ermont.fr\/index.php\/wp-json\/wp\/v2\/users\/2"}],"replies":[{"embeddable":true,"href":"https:\/\/choralevocalys-ermont.fr\/index.php\/wp-json\/wp\/v2\/comments?post=869"}],"version-history":[{"count":1,"href":"https:\/\/choralevocalys-ermont.fr\/index.php\/wp-json\/wp\/v2\/posts\/869\/revisions"}],"predecessor-version":[{"id":870,"href":"https:\/\/choralevocalys-ermont.fr\/index.php\/wp-json\/wp\/v2\/posts\/869\/revisions\/870"}],"wp:attachment":[{"href":"https:\/\/choralevocalys-ermont.fr\/index.php\/wp-json\/wp\/v2\/media?parent=869"}],"wp:term":[{"taxonomy":"category","embeddable":true,"href":"https:\/\/choralevocalys-ermont.fr\/index.php\/wp-json\/wp\/v2\/categories?post=869"},{"taxonomy":"post_tag","embeddable":true,"href":"https:\/\/choralevocalys-ermont.fr\/index.php\/wp-json\/wp\/v2\/tags?post=869"}],"curies":[{"name":"wp","href":"https:\/\/api.w.org\/{rel}","templated":true}]}}